{"id":1111,"date":"2024-12-17T18:54:36","date_gmt":"2024-12-17T17:54:36","guid":{"rendered":"https:\/\/www.ssv-halver.de\/?p=1111"},"modified":"2026-02-02T12:40:27","modified_gmt":"2026-02-02T11:40:27","slug":"halveraner-sportbaer-2025","status":"publish","type":"post","link":"https:\/\/www.ssv-halver.de\/?p=1111","title":{"rendered":"Halveraner Sportb\u00e4r 2026"},"content":{"rendered":"<p>Auch im Jahr 2026 m\u00f6chten wir wieder besondere Leistungen im Sport mit dem &#8222;Halveraner Sportb\u00e4ren&#8220; ehren. Die Verleihung wird am Mittwoch, 20. Mai um 18 Uhr auf dem Franz-Dobrikat-Sportplatz in Verbindung mit der Sportabzeichenverleihung stattfinden.<\/p>\n<p>Diese Leistungen k\u00f6nnen den sportlichen, menschlichen oder ehrenamtlichen Bereich betreffen. Beispielsweise habt ihr \u00dcbungsleiter, Betreuer oder Helfer im Verein, die sich in besonderer Weise um den Sport verdient gemacht haben, die sich trotz Ausnahmezustand etwas Besonderes ausgedacht haben, um den Verein am Laufen zu halten oder der Verein macht sich stark f\u00fcr die Arbeit im Jugend- und\/oder Behindertensport. Ihr k\u00f6nnt auch Sportler bzw. Mannschaften vorschlagen, die besondere sportliche Leistungen erbracht haben oder sich ganz besonders f\u00fcr die Fairness im Sport eingesetzt haben.<\/p>\n<p>&nbsp;<\/p>\n<p>Vielleicht habt ihr aber auch einen ganz anderen Beweggrund, weshalb ihr der Meinung seid, dass jemandem aus dem Bereich des Sports eine solche Ehrung zuteilwerden sollte.<\/p>\n<p>&nbsp;<\/p>\n<p>Vorschl\u00e4ge f\u00fcr die Ehrung nehmen wir bis zum <strong><u>15.02.2026<\/u><\/strong>\u00a0entgegen. Eine Jury wird dann aus den Vorschl\u00e4gen entscheiden, welche Personen geehrt werden.<\/p>\n<p>&nbsp;<\/p>\n<p>Wir freuen uns auf viele Vorschl\u00e4ge, vielen Dank f\u00fcrs Mitmachen!<\/p>\n","protected":false},"excerpt":{"rendered":"<p>Auch im Jahr 2026 m\u00f6chten wir wieder besondere Leistungen im Sport mit dem &#8222;Halveraner Sportb\u00e4ren&#8220; ehren. Die Verleihung wird am Mittwoch, 20. Mai um 18 Uhr auf dem Franz-Dobrikat-Sportplatz in Verbindung mit der Sportabzeichenverleihung stattfinden. Diese Leistungen k\u00f6nnen den sportlichen, &hellip;<\/p>\n<p class=\"read-more\"> <a class=\"more-link\" href=\"https:\/\/www.ssv-halver.de\/?p=1111\"> <span class=\"screen-reader-text\">Halveraner Sportb\u00e4r 2026<\/span> Weiterlesen &raquo;<\/a><\/p>\n","protected":false},"author":2,"featured_media":0,"comment_status":"closed","ping_status":"closed","sticky":false,"template":"","format":"standard","meta":{"footnotes":""},"categories":[3],"tags":[],"class_list":["post-1111","post","type-post","status-publish","format-standard","hentry","category-ssv-halver"],"_links":{"self":[{"href":"https:\/\/www.ssv-halver.de\/index.php?rest_route=\/wp\/v2\/posts\/1111","targetHints":{"allow":["GET"]}}],"collection":[{"href":"https:\/\/www.ssv-halver.de\/index.php?rest_route=\/wp\/v2\/posts"}],"about":[{"href":"https:\/\/www.ssv-halver.de\/index.php?rest_route=\/wp\/v2\/types\/post"}],"author":[{"embeddable":true,"href":"https:\/\/www.ssv-halver.de\/index.php?rest_route=\/wp\/v2\/users\/2"}],"replies":[{"embeddable":true,"href":"https:\/\/www.ssv-halver.de\/index.php?rest_route=%2Fwp%2Fv2%2Fcomments&post=1111"}],"version-history":[{"count":4,"href":"https:\/\/www.ssv-halver.de\/index.php?rest_route=\/wp\/v2\/posts\/1111\/revisions"}],"predecessor-version":[{"id":1232,"href":"https:\/\/www.ssv-halver.de\/index.php?rest_route=\/wp\/v2\/posts\/1111\/revisions\/1232"}],"wp:attachment":[{"href":"https:\/\/www.ssv-halver.de\/index.php?rest_route=%2Fwp%2Fv2%2Fmedia&parent=1111"}],"wp:term":[{"taxonomy":"category","embeddable":true,"href":"https:\/\/www.ssv-halver.de\/index.php?rest_route=%2Fwp%2Fv2%2Fcategories&post=1111"},{"taxonomy":"post_tag","embeddable":true,"href":"https:\/\/www.ssv-halver.de\/index.php?rest_route=%2Fwp%2Fv2%2Ftags&post=1111"}],"curies":[{"name":"wp","href":"https:\/\/api.w.org\/{rel}","templated":true}]}}