{"id":770,"date":"2020-09-01T10:02:16","date_gmt":"2020-09-01T08:02:16","guid":{"rendered":"https:\/\/www.ssv-halver.de\/?p=770"},"modified":"2020-09-01T10:02:19","modified_gmt":"2020-09-01T08:02:19","slug":"sportabzeichen-aktionstag","status":"publish","type":"post","link":"https:\/\/www.ssv-halver.de\/?p=770","title":{"rendered":"Sportabzeichen-Aktionstag"},"content":{"rendered":"\n<p>Am Mittwoch, 02. September findet auf dem Franz-Dobrikat-Sportplatz von 18h-22h ein SPortabzeichen-Aktionstag statt. Alle Halveraner ab 6 Jahren haben die M\u00f6glichkeit, das Sportabzeichen abzulegen, die ersten 50 Teilnehmer bekommen ein kleines Dankesch\u00f6n. Unterst\u00fctzt wird diese Aktion durch den KSB und LSB. Die Anforderungen des Sportabzeichens findet ihr hier:<\/p>\n\n\n\n<p><a href=\"http:\/\/www.deutsches-sportabzeichen.de\/de\/das-sportabzeichen\/meine-anforderungen\">http:\/\/www.deutsches-sportabzeichen.de\/de\/das-sportabzeichen\/meine-anforderungen<\/a><\/p>\n","protected":false},"excerpt":{"rendered":"<p>Am Mittwoch, 02. September findet auf dem Franz-Dobrikat-Sportplatz von 18h-22h ein SPortabzeichen-Aktionstag statt. Alle Halveraner ab 6 Jahren haben die M\u00f6glichkeit, das Sportabzeichen abzulegen, die ersten 50 Teilnehmer bekommen ein kleines Dankesch\u00f6n. Unterst\u00fctzt wird diese Aktion durch den KSB und &hellip;<\/p>\n<p class=\"read-more\"> <a class=\"more-link\" href=\"https:\/\/www.ssv-halver.de\/?p=770\"> <span class=\"screen-reader-text\">Sportabzeichen-Aktionstag<\/span> Weiterlesen &raquo;<\/a><\/p>\n","protected":false},"author":2,"featured_media":0,"comment_status":"closed","ping_status":"closed","sticky":false,"template":"","format":"standard","meta":{"footnotes":""},"categories":[3],"tags":[],"class_list":["post-770","post","type-post","status-publish","format-standard","hentry","category-ssv-halver"],"_links":{"self":[{"href":"https:\/\/www.ssv-halver.de\/index.php?rest_route=\/wp\/v2\/posts\/770","targetHints":{"allow":["GET"]}}],"collection":[{"href":"https:\/\/www.ssv-halver.de\/index.php?rest_route=\/wp\/v2\/posts"}],"about":[{"href":"https:\/\/www.ssv-halver.de\/index.php?rest_route=\/wp\/v2\/types\/post"}],"author":[{"embeddable":true,"href":"https:\/\/www.ssv-halver.de\/index.php?rest_route=\/wp\/v2\/users\/2"}],"replies":[{"embeddable":true,"href":"https:\/\/www.ssv-halver.de\/index.php?rest_route=%2Fwp%2Fv2%2Fcomments&post=770"}],"version-history":[{"count":1,"href":"https:\/\/www.ssv-halver.de\/index.php?rest_route=\/wp\/v2\/posts\/770\/revisions"}],"predecessor-version":[{"id":772,"href":"https:\/\/www.ssv-halver.de\/index.php?rest_route=\/wp\/v2\/posts\/770\/revisions\/772"}],"wp:attachment":[{"href":"https:\/\/www.ssv-halver.de\/index.php?rest_route=%2Fwp%2Fv2%2Fmedia&parent=770"}],"wp:term":[{"taxonomy":"category","embeddable":true,"href":"https:\/\/www.ssv-halver.de\/index.php?rest_route=%2Fwp%2Fv2%2Fcategories&post=770"},{"taxonomy":"post_tag","embeddable":true,"href":"https:\/\/www.ssv-halver.de\/index.php?rest_route=%2Fwp%2Fv2%2Ftags&post=770"}],"curies":[{"name":"wp","href":"https:\/\/api.w.org\/{rel}","templated":true}]}}