{"id":852,"date":"2021-07-07T10:25:37","date_gmt":"2021-07-07T08:25:37","guid":{"rendered":"https:\/\/www.ssv-halver.de\/?p=852"},"modified":"2021-07-07T10:25:37","modified_gmt":"2021-07-07T08:25:37","slug":"sportabzeichen-aktionstag-2","status":"publish","type":"post","link":"https:\/\/www.ssv-halver.de\/?p=852","title":{"rendered":"Sportabzeichen-Aktionstag"},"content":{"rendered":"<p>Am Mittwoch, 07. Juli findet auf dem Franz-Dobrikat-Sportplatz von 18h-22h wieder ein Sportabzeichen-Aktionstag statt. Alle Halveraner ab 6 Jahren haben die M\u00f6glichkeit, das Sportabzeichen abzulegen, die ersten 30 Teilnehmer bekommen ein kleines Dankesch\u00f6n. Unterst\u00fctzt wird diese Aktion durch den KSB und LSB. Die Anforderungen des Sportabzeichens findet ihr hier:<\/p>\n<p>http:\/\/www.deutsches-sportabzeichen.de\/de\/das-sportabzeichen\/meine-anforderungen<\/p>\n<p>&nbsp;<\/p>\n<p>Die Teilnahme ist wie immer kostenlos.<\/p>\n","protected":false},"excerpt":{"rendered":"<p>Am Mittwoch, 07. Juli findet auf dem Franz-Dobrikat-Sportplatz von 18h-22h wieder ein Sportabzeichen-Aktionstag statt. Alle Halveraner ab 6 Jahren haben die M\u00f6glichkeit, das Sportabzeichen abzulegen, die ersten 30 Teilnehmer bekommen ein kleines Dankesch\u00f6n. Unterst\u00fctzt wird diese Aktion durch den KSB &hellip;<\/p>\n<p class=\"read-more\"> <a class=\"more-link\" href=\"https:\/\/www.ssv-halver.de\/?p=852\"> <span class=\"screen-reader-text\">Sportabzeichen-Aktionstag<\/span> Weiterlesen &raquo;<\/a><\/p>\n","protected":false},"author":2,"featured_media":0,"comment_status":"closed","ping_status":"closed","sticky":false,"template":"","format":"standard","meta":{"footnotes":""},"categories":[3],"tags":[],"class_list":["post-852","post","type-post","status-publish","format-standard","hentry","category-ssv-halver"],"_links":{"self":[{"href":"https:\/\/www.ssv-halver.de\/index.php?rest_route=\/wp\/v2\/posts\/852","targetHints":{"allow":["GET"]}}],"collection":[{"href":"https:\/\/www.ssv-halver.de\/index.php?rest_route=\/wp\/v2\/posts"}],"about":[{"href":"https:\/\/www.ssv-halver.de\/index.php?rest_route=\/wp\/v2\/types\/post"}],"author":[{"embeddable":true,"href":"https:\/\/www.ssv-halver.de\/index.php?rest_route=\/wp\/v2\/users\/2"}],"replies":[{"embeddable":true,"href":"https:\/\/www.ssv-halver.de\/index.php?rest_route=%2Fwp%2Fv2%2Fcomments&post=852"}],"version-history":[{"count":1,"href":"https:\/\/www.ssv-halver.de\/index.php?rest_route=\/wp\/v2\/posts\/852\/revisions"}],"predecessor-version":[{"id":853,"href":"https:\/\/www.ssv-halver.de\/index.php?rest_route=\/wp\/v2\/posts\/852\/revisions\/853"}],"wp:attachment":[{"href":"https:\/\/www.ssv-halver.de\/index.php?rest_route=%2Fwp%2Fv2%2Fmedia&parent=852"}],"wp:term":[{"taxonomy":"category","embeddable":true,"href":"https:\/\/www.ssv-halver.de\/index.php?rest_route=%2Fwp%2Fv2%2Fcategories&post=852"},{"taxonomy":"post_tag","embeddable":true,"href":"https:\/\/www.ssv-halver.de\/index.php?rest_route=%2Fwp%2Fv2%2Ftags&post=852"}],"curies":[{"name":"wp","href":"https:\/\/api.w.org\/{rel}","templated":true}]}}