{"id":910,"date":"2022-08-10T16:07:32","date_gmt":"2022-08-10T14:07:32","guid":{"rendered":"https:\/\/www.ssv-halver.de\/?p=910"},"modified":"2022-09-23T14:35:38","modified_gmt":"2022-09-23T12:35:38","slug":"8-herbstlauf-am-24-september","status":"publish","type":"post","link":"https:\/\/www.ssv-halver.de\/?p=910","title":{"rendered":"8. Herbstlauf am 24. September"},"content":{"rendered":"<p>In diesem Herbst ist es wieder soweit, der Stadtsportverband wird in Kooperation mit der LG Halver-Schalksm\u00fchle wieder einen Lauf am Samstag. 24. September organisieren.<\/p>\n<p>Da in den letzten Jahren der Hauptlauf, der dem Herbstlichterlauf seinen Namen gab, nicht gut angenommen wurde, haben wir uns entschlossen, ab sofort \u201enur noch\u201c einen Herbstlauf durchzuf\u00fchren. Eine wesentliche \u00c4nderung sind die Startzeiten, die ungef\u00e4hr 2 Stunden fr\u00fcher sein werden als bisher. Alle weiteren Informationen finden Sie hier:<\/p>\n<p><a href=\"https:\/\/www.ssv-halver.de\/wp-content\/uploads\/2022\/08\/Flyer-Seite-1-scaled.jpg\"><img loading=\"lazy\" decoding=\"async\" class=\"alignnone wp-image-911\" src=\"https:\/\/www.ssv-halver.de\/wp-content\/uploads\/2022\/08\/Flyer-Seite-1-300x203.jpg\" alt=\"\" width=\"300\" height=\"203\" srcset=\"https:\/\/www.ssv-halver.de\/wp-content\/uploads\/2022\/08\/Flyer-Seite-1-300x203.jpg 300w, https:\/\/www.ssv-halver.de\/wp-content\/uploads\/2022\/08\/Flyer-Seite-1-1024x693.jpg 1024w, https:\/\/www.ssv-halver.de\/wp-content\/uploads\/2022\/08\/Flyer-Seite-1-768x520.jpg 768w, https:\/\/www.ssv-halver.de\/wp-content\/uploads\/2022\/08\/Flyer-Seite-1-1536x1040.jpg 1536w, https:\/\/www.ssv-halver.de\/wp-content\/uploads\/2022\/08\/Flyer-Seite-1-2048x1387.jpg 2048w, https:\/\/www.ssv-halver.de\/wp-content\/uploads\/2022\/08\/Flyer-Seite-1-100x68.jpg 100w, https:\/\/www.ssv-halver.de\/wp-content\/uploads\/2022\/08\/Flyer-Seite-1-150x102.jpg 150w, https:\/\/www.ssv-halver.de\/wp-content\/uploads\/2022\/08\/Flyer-Seite-1-200x135.jpg 200w, https:\/\/www.ssv-halver.de\/wp-content\/uploads\/2022\/08\/Flyer-Seite-1-450x305.jpg 450w, https:\/\/www.ssv-halver.de\/wp-content\/uploads\/2022\/08\/Flyer-Seite-1-600x406.jpg 600w, https:\/\/www.ssv-halver.de\/wp-content\/uploads\/2022\/08\/Flyer-Seite-1-900x609.jpg 900w\" sizes=\"auto, (max-width: 300px) 100vw, 300px\" \/><\/a><a href=\"https:\/\/www.ssv-halver.de\/wp-content\/uploads\/2022\/08\/Flyer-Seite-2-scaled.jpg\"><img loading=\"lazy\" decoding=\"async\" class=\"alignnone size-medium wp-image-912\" src=\"https:\/\/www.ssv-halver.de\/wp-content\/uploads\/2022\/08\/Flyer-Seite-2-300x203.jpg\" alt=\"\" width=\"300\" height=\"203\" srcset=\"https:\/\/www.ssv-halver.de\/wp-content\/uploads\/2022\/08\/Flyer-Seite-2-300x203.jpg 300w, https:\/\/www.ssv-halver.de\/wp-content\/uploads\/2022\/08\/Flyer-Seite-2-1024x693.jpg 1024w, https:\/\/www.ssv-halver.de\/wp-content\/uploads\/2022\/08\/Flyer-Seite-2-768x520.jpg 768w, https:\/\/www.ssv-halver.de\/wp-content\/uploads\/2022\/08\/Flyer-Seite-2-1536x1039.jpg 1536w, https:\/\/www.ssv-halver.de\/wp-content\/uploads\/2022\/08\/Flyer-Seite-2-2048x1386.jpg 2048w, https:\/\/www.ssv-halver.de\/wp-content\/uploads\/2022\/08\/Flyer-Seite-2-100x68.jpg 100w, https:\/\/www.ssv-halver.de\/wp-content\/uploads\/2022\/08\/Flyer-Seite-2-150x102.jpg 150w, https:\/\/www.ssv-halver.de\/wp-content\/uploads\/2022\/08\/Flyer-Seite-2-200x135.jpg 200w, https:\/\/www.ssv-halver.de\/wp-content\/uploads\/2022\/08\/Flyer-Seite-2-450x305.jpg 450w, https:\/\/www.ssv-halver.de\/wp-content\/uploads\/2022\/08\/Flyer-Seite-2-600x406.jpg 600w, https:\/\/www.ssv-halver.de\/wp-content\/uploads\/2022\/08\/Flyer-Seite-2-900x609.jpg 900w\" sizes=\"auto, (max-width: 300px) 100vw, 300px\" \/><\/a><\/p>\n<p>Ergebnisse und Urkunden unter: <a href=\"http:\/\/my.raceresult.com\/213768\/\" target=\"_blank\" rel=\"noopener\">my.raceresult.com\/213768\/<\/a><\/p>\n<p><a href=\"https:\/\/www.facebook.com\/events\/1087245438572796\" target=\"_blank\" rel=\"noopener\">Veranstaltung auf Facebook<\/a><\/p>\n","protected":false},"excerpt":{"rendered":"<p>In diesem Herbst ist es wieder soweit, der Stadtsportverband wird in Kooperation mit der LG Halver-Schalksm\u00fchle wieder einen Lauf am Samstag. 24. September organisieren. Da in den letzten Jahren der Hauptlauf, der dem Herbstlichterlauf seinen Namen gab, nicht gut angenommen &hellip;<\/p>\n<p class=\"read-more\"> <a class=\"more-link\" href=\"https:\/\/www.ssv-halver.de\/?p=910\"> <span class=\"screen-reader-text\">8. Herbstlauf am 24. September<\/span> Weiterlesen &raquo;<\/a><\/p>\n","protected":false},"author":2,"featured_media":0,"comment_status":"closed","ping_status":"closed","sticky":false,"template":"","format":"standard","meta":{"footnotes":""},"categories":[29,5,3],"tags":[18,19,20],"class_list":["post-910","post","type-post","status-publish","format-standard","hentry","category-herbstlauf","category-lghs","category-ssv-halver","tag-laufveranstaltung","tag-lghs","tag-ssv-halver"],"_links":{"self":[{"href":"https:\/\/www.ssv-halver.de\/index.php?rest_route=\/wp\/v2\/posts\/910","targetHints":{"allow":["GET"]}}],"collection":[{"href":"https:\/\/www.ssv-halver.de\/index.php?rest_route=\/wp\/v2\/posts"}],"about":[{"href":"https:\/\/www.ssv-halver.de\/index.php?rest_route=\/wp\/v2\/types\/post"}],"author":[{"embeddable":true,"href":"https:\/\/www.ssv-halver.de\/index.php?rest_route=\/wp\/v2\/users\/2"}],"replies":[{"embeddable":true,"href":"https:\/\/www.ssv-halver.de\/index.php?rest_route=%2Fwp%2Fv2%2Fcomments&post=910"}],"version-history":[{"count":5,"href":"https:\/\/www.ssv-halver.de\/index.php?rest_route=\/wp\/v2\/posts\/910\/revisions"}],"predecessor-version":[{"id":922,"href":"https:\/\/www.ssv-halver.de\/index.php?rest_route=\/wp\/v2\/posts\/910\/revisions\/922"}],"wp:attachment":[{"href":"https:\/\/www.ssv-halver.de\/index.php?rest_route=%2Fwp%2Fv2%2Fmedia&parent=910"}],"wp:term":[{"taxonomy":"category","embeddable":true,"href":"https:\/\/www.ssv-halver.de\/index.php?rest_route=%2Fwp%2Fv2%2Fcategories&post=910"},{"taxonomy":"post_tag","embeddable":true,"href":"https:\/\/www.ssv-halver.de\/index.php?rest_route=%2Fwp%2Fv2%2Ftags&post=910"}],"curies":[{"name":"wp","href":"https:\/\/api.w.org\/{rel}","templated":true}]}}